{"id":1751,"date":"2025-11-27T23:05:50","date_gmt":"2025-11-27T22:05:50","guid":{"rendered":"https:\/\/scoutsmarins.ca\/?p=1751"},"modified":"2025-11-27T23:12:38","modified_gmt":"2025-11-27T22:12:38","slug":"les-smgm-et-imagine-marine-sassocient-pour-la-promotion-des-carrieres-maritimes","status":"publish","type":"post","link":"https:\/\/scoutsmarins.ca\/index.php\/2025\/11\/27\/les-smgm-et-imagine-marine-sassocient-pour-la-promotion-des-carrieres-maritimes\/","title":{"rendered":"Les SMGM et Imagine Marine s&rsquo;associent pour la promotion des carri\u00e8res maritimes"},"content":{"rendered":"<p>St-Hubert, le novembre 2025<\/p>\n<p>C&rsquo;est avec une immense fiert\u00e9 que nous annoncons que Les Scouts marins du Grand Montr\u00e9al ont joint la grande famille de Imagine Marine en devenant membres de Fondation des carri\u00e8res maritimes canadiennes.<\/p>\n<p>Le coup d&rsquo;envoi de ce partenariat a \u00e9t\u00e9 notre pr\u00e9sence au Salon des carri\u00e8res maritimes les 24-25 octobre au Port de Montr\u00e9al ou nous avions invit\u00e9 nos membres \u00e0 visiter le navire HCMS Margaret Brooke de la Marine canadienne et rencontrer le navigateur breton Yann Quenet de passage \u00e0 Montr\u00e9al.<\/p>\n<p><img loading=\"lazy\" decoding=\"async\" class=\"alignnone size-medium wp-image-1754\" src=\"https:\/\/scoutsmarins.ca\/wp-content\/uploads\/2025\/11\/Salon-1-300x225.jpg\" alt=\"\" width=\"300\" height=\"225\" srcset=\"https:\/\/scoutsmarins.ca\/wp-content\/uploads\/2025\/11\/Salon-1-300x225.jpg 300w, https:\/\/scoutsmarins.ca\/wp-content\/uploads\/2025\/11\/Salon-1-1024x768.jpg 1024w, https:\/\/scoutsmarins.ca\/wp-content\/uploads\/2025\/11\/Salon-1-768x576.jpg 768w, https:\/\/scoutsmarins.ca\/wp-content\/uploads\/2025\/11\/Salon-1-1536x1152.jpg 1536w, https:\/\/scoutsmarins.ca\/wp-content\/uploads\/2025\/11\/Salon-1.jpg 1602w\" sizes=\"auto, (max-width: 300px) 100vw, 300px\" \/><img loading=\"lazy\" decoding=\"async\" class=\"alignnone size-medium wp-image-1753\" src=\"https:\/\/scoutsmarins.ca\/wp-content\/uploads\/2025\/11\/Salon-2-300x225.jpg\" alt=\"\" width=\"300\" height=\"225\" srcset=\"https:\/\/scoutsmarins.ca\/wp-content\/uploads\/2025\/11\/Salon-2-300x225.jpg 300w, https:\/\/scoutsmarins.ca\/wp-content\/uploads\/2025\/11\/Salon-2-1024x768.jpg 1024w, https:\/\/scoutsmarins.ca\/wp-content\/uploads\/2025\/11\/Salon-2-768x576.jpg 768w, https:\/\/scoutsmarins.ca\/wp-content\/uploads\/2025\/11\/Salon-2-1536x1153.jpg 1536w, https:\/\/scoutsmarins.ca\/wp-content\/uploads\/2025\/11\/Salon-2.jpg 1791w\" sizes=\"auto, (max-width: 300px) 100vw, 300px\" \/><img loading=\"lazy\" decoding=\"async\" class=\"alignnone size-medium wp-image-1755\" src=\"https:\/\/scoutsmarins.ca\/wp-content\/uploads\/2025\/11\/Salon-3-300x225.jpg\" alt=\"\" width=\"300\" height=\"225\" srcset=\"https:\/\/scoutsmarins.ca\/wp-content\/uploads\/2025\/11\/Salon-3-300x225.jpg 300w, https:\/\/scoutsmarins.ca\/wp-content\/uploads\/2025\/11\/Salon-3-1024x768.jpg 1024w, https:\/\/scoutsmarins.ca\/wp-content\/uploads\/2025\/11\/Salon-3-768x576.jpg 768w, https:\/\/scoutsmarins.ca\/wp-content\/uploads\/2025\/11\/Salon-3-1536x1152.jpg 1536w, https:\/\/scoutsmarins.ca\/wp-content\/uploads\/2025\/11\/Salon-3.jpg 1920w\" sizes=\"auto, (max-width: 300px) 100vw, 300px\" \/><\/p>\n<p>Nous tenons \u00e0 remercier chaleureusement Brian Affouan, Anna Hogarth et Julia Fields de Imagine Marine pour leur appui et leur collaboration tout au long de l&rsquo;ann\u00e9e.<\/p>\n<p>Les Scouts Marins du Grand Montr\u00e9al se joignent avec enthousiasme \u00e0 Imagine Marine pour cr\u00e9er des liens solides de partenariat et de compl\u00e9mentarit\u00e9 avec les entreprises maritimes et offrir aux jeunes d\u2019en d\u00e9couvrir les opportunit\u00e9s professionnelles. \u00bb <strong>\u2014 Federico Gabriel Kell, pr\u00e9sident des Scouts Marins du Grand Montr\u00e9al et 2e Officier de pont, Groupe CSL<\/strong><\/p>\n<p>&nbsp;<\/p>\n<p>Vous trouverez le communiqu\u00e9 de presse ici:<\/p>\n<p><a id=\"OWAdd348ab8-dad5-ec20-6fa2-28334989d3db\" class=\"x_x_x_OWAAutoLink x_x_x_elementToProof\" title=\"https:\/\/imagine-marine.ca\/fcmc-nouveau-membre-scouts-marins-grand-montreal\" href=\"https:\/\/imagine-marine.ca\/fcmc-nouveau-membre-scouts-marins-grand-montreal\" target=\"_blank\" rel=\"noopener noreferrer\" data-auth=\"NotApplicable\" data-linkindex=\"5\" data-olk-copy-source=\"MessageBody\">La Fondation des carri\u00e8res maritimes canadiennes accueille les Scouts Marins du Grand Montr\u00e9al comme partenaire<\/a><\/p>\n<p><img loading=\"lazy\" decoding=\"async\" class=\"alignnone size-medium wp-image-1752\" src=\"https:\/\/scoutsmarins.ca\/wp-content\/uploads\/2025\/11\/Imagine-Marine-logo-300x72.png\" alt=\"\" width=\"300\" height=\"72\" srcset=\"https:\/\/scoutsmarins.ca\/wp-content\/uploads\/2025\/11\/Imagine-Marine-logo-300x72.png 300w, https:\/\/scoutsmarins.ca\/wp-content\/uploads\/2025\/11\/Imagine-Marine-logo.png 459w\" sizes=\"auto, (max-width: 300px) 100vw, 300px\" \/><\/p>\n","protected":false},"excerpt":{"rendered":"<p>St-Hubert, le novembre 2025 C&rsquo;est avec une immense fiert\u00e9 que nous annoncons que Les Scouts marins du Grand Montr\u00e9al ont joint la grande famille de Imagine Marine en devenant membres de Fondation des carri\u00e8res maritimes canadiennes. Le coup d&rsquo;envoi de ce partenariat a \u00e9t\u00e9 notre pr\u00e9sence au Salon des carri\u00e8res maritimes les 24-25 octobre au&hellip;<\/p>\n","protected":false},"author":2,"featured_media":1754,"comment_status":"closed","ping_status":"closed","sticky":false,"template":"","format":"standard","meta":{"footnotes":""},"categories":[1],"tags":[],"class_list":["post-1751","post","type-post","status-publish","format-standard","has-post-thumbnail","hentry","category-non-classe"],"_links":{"self":[{"href":"https:\/\/scoutsmarins.ca\/index.php\/wp-json\/wp\/v2\/posts\/1751","targetHints":{"allow":["GET"]}}],"collection":[{"href":"https:\/\/scoutsmarins.ca\/index.php\/wp-json\/wp\/v2\/posts"}],"about":[{"href":"https:\/\/scoutsmarins.ca\/index.php\/wp-json\/wp\/v2\/types\/post"}],"author":[{"embeddable":true,"href":"https:\/\/scoutsmarins.ca\/index.php\/wp-json\/wp\/v2\/users\/2"}],"replies":[{"embeddable":true,"href":"https:\/\/scoutsmarins.ca\/index.php\/wp-json\/wp\/v2\/comments?post=1751"}],"version-history":[{"count":1,"href":"https:\/\/scoutsmarins.ca\/index.php\/wp-json\/wp\/v2\/posts\/1751\/revisions"}],"predecessor-version":[{"id":1756,"href":"https:\/\/scoutsmarins.ca\/index.php\/wp-json\/wp\/v2\/posts\/1751\/revisions\/1756"}],"wp:featuredmedia":[{"embeddable":true,"href":"https:\/\/scoutsmarins.ca\/index.php\/wp-json\/wp\/v2\/media\/1754"}],"wp:attachment":[{"href":"https:\/\/scoutsmarins.ca\/index.php\/wp-json\/wp\/v2\/media?parent=1751"}],"wp:term":[{"taxonomy":"category","embeddable":true,"href":"https:\/\/scoutsmarins.ca\/index.php\/wp-json\/wp\/v2\/categories?post=1751"},{"taxonomy":"post_tag","embeddable":true,"href":"https:\/\/scoutsmarins.ca\/index.php\/wp-json\/wp\/v2\/tags?post=1751"}],"curies":[{"name":"wp","href":"https:\/\/api.w.org\/{rel}","templated":true}]}}