{"id":993,"date":"2024-10-31T01:33:46","date_gmt":"2024-10-31T00:33:46","guid":{"rendered":"http:\/\/scoutsmarins.ca\/?p=993"},"modified":"2025-11-27T23:22:03","modified_gmt":"2025-11-27T22:22:03","slug":"le-prix-thierry-labonte-du-benevole-de-lannee","status":"publish","type":"post","link":"https:\/\/scoutsmarins.ca\/index.php\/2024\/10\/31\/le-prix-thierry-labonte-du-benevole-de-lannee\/","title":{"rendered":"Le prix Thierry-Labont\u00e9 du b\u00e9n\u00e9vole de l&rsquo;ann\u00e9e"},"content":{"rendered":"<p class=\"font_7 wixui-rich-text__text\">Suite \u00e0 la longue implication de Thierry Labont\u00e9 \u00e0 titre de pr\u00e9sident des Scouts marins du Grand Montr\u00e9al, de 2008 \u00e0 2020, le CA des SMGM a tenu \u00e0 souligner son apport ind\u00e9fectible \u00e0 la mission en cr\u00e9ant en 2022 le prix Thierry-Labont\u00e9 du b\u00e9n\u00e9vole de l&rsquo;ann\u00e9e.<\/p>\n<p><img loading=\"lazy\" decoding=\"async\" class=\"wp-image-997 alignleft\" src=\"http:\/\/scoutsmarins.ca\/wp-content\/uploads\/2023\/11\/image2-e1699396150946-300x225.jpeg\" alt=\"\" width=\"266\" height=\"199\" srcset=\"https:\/\/scoutsmarins.ca\/wp-content\/uploads\/2023\/11\/image2-e1699396150946-300x225.jpeg 300w, https:\/\/scoutsmarins.ca\/wp-content\/uploads\/2023\/11\/image2-e1699396150946.jpeg 640w\" sizes=\"auto, (max-width: 266px) 100vw, 266px\" \/><\/p>\n<p class=\"font_7 wixui-rich-text__text\">Le prix a \u00e9t\u00e9 inaugur\u00e9 pendant la F\u00eate de fin d&rsquo;ann\u00e9e en octobre 2022 suite \u00e0 un hommage \u00e0 M. Labont\u00e9 pour l&rsquo;ensemble de son oeuvre.<\/p>\n<p class=\"font_7 wixui-rich-text__text\">Le prix Thierry-Labont\u00e9 est remis \u00e0 chaque ann\u00e9e \u00e0 un b\u00e9n\u00e9vole qui s&rsquo;est d\u00e9marqu\u00e9 par une contribution particuli\u00e8re, un bon coup, ou une implication de longue date.<\/p>\n<p class=\"font_7 wixui-rich-text__text\">Merci Thierry pour ton parcours inspirant!<\/p>\n<p><strong>Voici les r\u00e9cipiendaires:<\/strong><\/p>\n<h1 style=\"text-align: left;\">2022<\/h1>\n<p style=\"text-align: left;\">Marc-Antoine Gallant, instructeur b\u00e9n\u00e9vole SMGM et chef au sein du 188e groupe de scoutisme Montr\u00e9al-Nord (AABP), pour son implication de longue date.<\/p>\n<p><img loading=\"lazy\" decoding=\"async\" class=\"wp-image-996 aligncenter\" src=\"http:\/\/scoutsmarins.ca\/wp-content\/uploads\/2023\/11\/Marc-Antoine-prix-T-L-300x203.png\" alt=\"\" width=\"262\" height=\"177\" srcset=\"https:\/\/scoutsmarins.ca\/wp-content\/uploads\/2023\/11\/Marc-Antoine-prix-T-L-300x203.png 300w, https:\/\/scoutsmarins.ca\/wp-content\/uploads\/2023\/11\/Marc-Antoine-prix-T-L.png 423w\" sizes=\"auto, (max-width: 262px) 100vw, 262px\" \/><\/p>\n<h1>2023<\/h1>\n<p style=\"text-align: left;\">Daniel Roch, instructeur b\u00e9n\u00e9vole SMGM et propri\u00e9taire du voilier <em><strong>Amn\u00e9sie<\/strong><\/em>, pour sa contribution particuli\u00e8re.<\/p>\n<h1><img loading=\"lazy\" decoding=\"async\" class=\"wp-image-1001 aligncenter\" src=\"http:\/\/scoutsmarins.ca\/wp-content\/uploads\/2023\/11\/IMG_8475-300x225.jpg\" alt=\"\" width=\"264\" height=\"198\" srcset=\"https:\/\/scoutsmarins.ca\/wp-content\/uploads\/2023\/11\/IMG_8475-300x225.jpg 300w, https:\/\/scoutsmarins.ca\/wp-content\/uploads\/2023\/11\/IMG_8475.jpg 750w\" sizes=\"auto, (max-width: 264px) 100vw, 264px\" \/><\/h1>\n<h1>2024<\/h1>\n\n\n<p>Francis Bergeron (au centre sur la photo), instructeur b\u00e9n\u00e9vole SMGM et propri\u00e9taire du voilier <strong><em>Galactica<\/em><\/strong>, pour son implication particuli\u00e8re.<\/p>\n\n\n<div class=\"wp-block-image\">\n<figure class=\"aligncenter is-resized\"><img loading=\"lazy\" decoding=\"async\" width=\"1080\" height=\"1920\" src=\"https:\/\/scoutsmarins.ca\/wp-content\/uploads\/2023\/11\/5-7-2024-2-de-3.jpg\" alt=\"\" class=\"wp-image-1577\" style=\"width:259px;height:auto\" srcset=\"https:\/\/scoutsmarins.ca\/wp-content\/uploads\/2023\/11\/5-7-2024-2-de-3.jpg 1080w, https:\/\/scoutsmarins.ca\/wp-content\/uploads\/2023\/11\/5-7-2024-2-de-3-169x300.jpg 169w, https:\/\/scoutsmarins.ca\/wp-content\/uploads\/2023\/11\/5-7-2024-2-de-3-576x1024.jpg 576w, https:\/\/scoutsmarins.ca\/wp-content\/uploads\/2023\/11\/5-7-2024-2-de-3-768x1365.jpg 768w, https:\/\/scoutsmarins.ca\/wp-content\/uploads\/2023\/11\/5-7-2024-2-de-3-864x1536.jpg 864w\" sizes=\"auto, (max-width: 1080px) 100vw, 1080px\" \/><\/figure>\n<\/div>\n\n\n<h2 class=\"wp-block-heading\">2025<\/h2>\n\n\n\n<p>Raymond Gouin (\u00e0 gauche sur la photo), instructeur b\u00e9n\u00e9vole SMGM et membre du comit\u00e9 de formation, pour sa contribution exceptionnelle et ses valeurs philantropiques.<\/p>\n\n\n\n<p> <\/p>\n\n\n<div class=\"wp-block-image\">\n<figure class=\"aligncenter is-resized\"><img loading=\"lazy\" decoding=\"async\" width=\"1536\" height=\"2048\" src=\"https:\/\/scoutsmarins.ca\/wp-content\/uploads\/2024\/10\/Raymond.jpg\" alt=\"\" class=\"wp-image-1759\" style=\"width:256px;height:auto\" srcset=\"https:\/\/scoutsmarins.ca\/wp-content\/uploads\/2024\/10\/Raymond.jpg 1536w, https:\/\/scoutsmarins.ca\/wp-content\/uploads\/2024\/10\/Raymond-225x300.jpg 225w, https:\/\/scoutsmarins.ca\/wp-content\/uploads\/2024\/10\/Raymond-768x1024.jpg 768w, https:\/\/scoutsmarins.ca\/wp-content\/uploads\/2024\/10\/Raymond-1152x1536.jpg 1152w\" sizes=\"auto, (max-width: 1536px) 100vw, 1536px\" \/><\/figure>\n<\/div>","protected":false},"excerpt":{"rendered":"<p>Suite \u00e0 la longue implication de Thierry Labont\u00e9 \u00e0 titre de pr\u00e9sident des Scouts marins du Grand Montr\u00e9al, de 2008 \u00e0 2020, le CA des SMGM a tenu \u00e0 souligner son apport ind\u00e9fectible \u00e0 la mission en cr\u00e9ant en 2022 le prix Thierry-Labont\u00e9 du b\u00e9n\u00e9vole de l&rsquo;ann\u00e9e. Le prix a \u00e9t\u00e9 inaugur\u00e9 pendant la F\u00eate&hellip;<\/p>\n","protected":false},"author":2,"featured_media":1550,"comment_status":"closed","ping_status":"closed","sticky":false,"template":"","format":"standard","meta":{"footnotes":""},"categories":[1],"tags":[],"class_list":["post-993","post","type-post","status-publish","format-standard","has-post-thumbnail","hentry","category-non-classe"],"_links":{"self":[{"href":"https:\/\/scoutsmarins.ca\/index.php\/wp-json\/wp\/v2\/posts\/993","targetHints":{"allow":["GET"]}}],"collection":[{"href":"https:\/\/scoutsmarins.ca\/index.php\/wp-json\/wp\/v2\/posts"}],"about":[{"href":"https:\/\/scoutsmarins.ca\/index.php\/wp-json\/wp\/v2\/types\/post"}],"author":[{"embeddable":true,"href":"https:\/\/scoutsmarins.ca\/index.php\/wp-json\/wp\/v2\/users\/2"}],"replies":[{"embeddable":true,"href":"https:\/\/scoutsmarins.ca\/index.php\/wp-json\/wp\/v2\/comments?post=993"}],"version-history":[{"count":14,"href":"https:\/\/scoutsmarins.ca\/index.php\/wp-json\/wp\/v2\/posts\/993\/revisions"}],"predecessor-version":[{"id":1760,"href":"https:\/\/scoutsmarins.ca\/index.php\/wp-json\/wp\/v2\/posts\/993\/revisions\/1760"}],"wp:featuredmedia":[{"embeddable":true,"href":"https:\/\/scoutsmarins.ca\/index.php\/wp-json\/wp\/v2\/media\/1550"}],"wp:attachment":[{"href":"https:\/\/scoutsmarins.ca\/index.php\/wp-json\/wp\/v2\/media?parent=993"}],"wp:term":[{"taxonomy":"category","embeddable":true,"href":"https:\/\/scoutsmarins.ca\/index.php\/wp-json\/wp\/v2\/categories?post=993"},{"taxonomy":"post_tag","embeddable":true,"href":"https:\/\/scoutsmarins.ca\/index.php\/wp-json\/wp\/v2\/tags?post=993"}],"curies":[{"name":"wp","href":"https:\/\/api.w.org\/{rel}","templated":true}]}}